{"id":2379,"date":"2025-03-20T18:14:08","date_gmt":"2025-03-20T17:14:08","guid":{"rendered":"https:\/\/elstyle.cz\/?p=2379"},"modified":"2025-03-24T21:45:07","modified_gmt":"2025-03-24T20:45:07","slug":"drevo-kamen-nebo-beton-jak-vybrat-spravny-material-pro-terasu","status":"publish","type":"post","link":"https:\/\/www.ceskyarchitekt.cz\/?p=2379","title":{"rendered":"D\u0159evo, k\u00e1men nebo beton? Jak vybrat spr\u00e1vn\u00fd materi\u00e1l pro terasu"},"content":{"rendered":"\n<p>V\u00fdb\u011br materi\u00e1lu pro terasu je rozhodnut\u00edm, kter\u00e9 ovlivn\u00ed vzhled, komfort a dlouhov\u011bkost va\u0161eho venkovn\u00edho prostoru. Ka\u017ed\u00fd materi\u00e1l m\u00e1 sv\u00e9 specifick\u00e9 v\u00fdhody a nev\u00fdhody, a proto je d\u016fle\u017eit\u00e9 zv\u00e1\u017eit, jak\u00e9 po\u017eadavky na terasu m\u00e1te. Zda preferujete p\u0159\u00edrodn\u00ed vzhled, jednoduchou \u00fadr\u017ebu nebo dlouhou \u017eivotnost. Pod\u00edvejme se na t\u0159i obl\u00edben\u00e9 materi\u00e1ly pro terasy \u2013 d\u0159evo, k\u00e1men a beton \u2013 a jak\u00fd je jejich vhodn\u00fd v\u00fdb\u011br pro v\u00e1\u0161 projekt.<\/p>\n\n\n\n<h2 class=\"wp-block-heading\"><strong>1. D\u0159evo: P\u0159\u00edrodn\u00ed vzhled a tepl\u00fd dojem<\/strong><\/h2>\n\n\n\n<p>D\u0159evo je klasick\u00fdm materi\u00e1lem, kter\u00fd dod\u00e1 terase p\u0159\u00edrodn\u00ed, tepl\u00fd a \u00fatuln\u00fd vzhled. Terasy ze d\u0159eva se skv\u011ble hod\u00ed k zahrad\u00e1m s p\u0159\u00edrodn\u00edm stylem nebo k rustik\u00e1ln\u00edm dom\u016fm.<\/p>\n\n\n\n<p><strong>V\u00fdhody d\u0159eva:<\/strong><\/p>\n\n\n\n<ul class=\"wp-block-list\">\n<li><strong>Estetika:<\/strong> D\u0159evo nab\u00edz\u00ed kr\u00e1sn\u00fd p\u0159\u00edrodn\u00ed vzhled a variabilitu v barv\u00e1ch a textur\u00e1ch.<\/li>\n\n\n\n<li><strong>P\u0159\u00edjemn\u00fd na dotek:<\/strong> D\u0159ev\u011bn\u00e1 terasa je p\u0159\u00edjemn\u00e1 pro chodidla a skv\u011ble se hod\u00ed k relaxaci a venkovn\u00edmu posezen\u00ed.<\/li>\n\n\n\n<li><strong>Mo\u017enost renovace:<\/strong> Pokud dojde k po\u0161kozen\u00ed, d\u0159ev\u011bnou terasu lze snadno opravit nebo p\u0159ebrousit.<\/li>\n\n\n\n<li><strong>Ekologi\u010dnost:<\/strong> D\u0159evo je obnoviteln\u00fd materi\u00e1l, pokud poch\u00e1z\u00ed z odpov\u011bdn\u011b spravovan\u00fdch les\u016f.<\/li>\n<\/ul>\n\n\n\n<p><strong>Nev\u00fdhody d\u0159eva:<\/strong><\/p>\n\n\n\n<ul class=\"wp-block-list\">\n<li><strong>\u00dadr\u017eba:<\/strong> D\u0159evo vy\u017eaduje pravidelnou \u00fadr\u017ebu, jako je impregnov\u00e1n\u00ed, lakov\u00e1n\u00ed nebo olejov\u00e1n\u00ed, aby si zachovalo svou kvalitu a vzhled.<\/li>\n\n\n\n<li><strong>Citlivost na po\u010das\u00ed:<\/strong> D\u0159evo m\u016f\u017ee podl\u00e9hat vliv\u016fm po\u010das\u00ed, jako je ztr\u00e1ta barvy, prask\u00e1n\u00ed nebo hniloba, pokud nen\u00ed spr\u00e1vn\u011b o\u0161et\u0159eno.<\/li>\n\n\n\n<li><strong>Cena:<\/strong> Kvalitn\u00ed d\u0159evo, jako je teak nebo ip\u00e9, m\u016f\u017ee b\u00fdt dra\u017e\u0161\u00ed ne\u017e jin\u00e9 materi\u00e1ly.<\/li>\n<\/ul>\n\n\n\n<p><strong>Tip:<\/strong> Pokud chcete m\u00edt d\u0159ev\u011bnou terasu, ale minimalizovat \u00fadr\u017ebu, zva\u017ete pou\u017eit\u00ed kompozitn\u00edch materi\u00e1l\u016f, kter\u00e9 kombinuj\u00ed d\u0159evo a plast, \u010d\u00edm\u017e eliminuj\u00ed n\u011bkter\u00e9 nev\u00fdhody tradi\u010dn\u00edho d\u0159eva.<\/p>\n\n\n\n<h2 class=\"wp-block-heading\"><strong>2. K\u00e1men: Tradi\u010dn\u00ed a odoln\u00fd materi\u00e1l<\/strong><\/h2>\n\n\n\n<p>K\u00e1men, a\u0165 u\u017e jde o p\u0159\u00edrodn\u00ed k\u00e1men, jako je \u017eula nebo travertin, nebo um\u011bl\u00e9 kamenn\u00e9 dla\u017edice, je vysoce odoln\u00fd a trvanliv\u00fd materi\u00e1l pro terasy. K\u00e1men je ide\u00e1ln\u00ed pro modern\u00ed nebo tradi\u010dn\u00ed zahrady, kde je po\u017eadov\u00e1na dlouh\u00e1 \u017eivotnost a elegantn\u00ed vzhled.<\/p>\n\n\n\n<p><strong>V\u00fdhody kamene:<\/strong><\/p>\n\n\n\n<ul class=\"wp-block-list\">\n<li><strong>Odolnost a trvanlivost:<\/strong> K\u00e1men je velmi odoln\u00fd v\u016f\u010di po\u0161kr\u00e1b\u00e1n\u00ed, prasklin\u00e1m, vlhkosti a pov\u011btrnostn\u00edm podm\u00ednk\u00e1m.<\/li>\n\n\n\n<li><strong>N\u00edzk\u00e1 \u00fadr\u017eba:<\/strong> K\u00e1men nevy\u017eaduje tolik \u00fadr\u017eby jako d\u0159evo. Sta\u010d\u00ed ho pravideln\u011b \u010distit a chr\u00e1nit p\u0159ed ne\u010distotami.<\/li>\n\n\n\n<li><strong>Vzhled:<\/strong> K\u00e1men dod\u00e1v\u00e1 terase elegantn\u00ed a nad\u010dasov\u00fd vzhled, kter\u00fd se hod\u00ed do v\u011bt\u0161iny styl\u016f zahrad.<\/li>\n\n\n\n<li><strong>P\u0159\u00edrodn\u00ed materi\u00e1l:<\/strong> Pokud preferujete p\u0159\u00edrodn\u00ed vzhled, k\u00e1men je skv\u011blou volbou, kter\u00e1 zapadne do p\u0159\u00edrodn\u00edho prost\u0159ed\u00ed.<\/li>\n<\/ul>\n\n\n\n<p><strong>Nev\u00fdhody kamene:<\/strong><\/p>\n\n\n\n<ul class=\"wp-block-list\">\n<li><strong>Cena:<\/strong> P\u0159\u00edrodn\u00ed k\u00e1men m\u016f\u017ee b\u00fdt velmi drah\u00fd, co\u017e m\u016f\u017ee b\u00fdt p\u0159ek\u00e1\u017ekou pro n\u011bkter\u00e9 rozpo\u010dty.<\/li>\n\n\n\n<li><strong>T\u011b\u017ekost:<\/strong> K\u00e1men je t\u011b\u017ek\u00fd materi\u00e1l, co\u017e znamen\u00e1, \u017ee jeho instalace m\u016f\u017ee b\u00fdt n\u00e1ro\u010dn\u00e1 a vy\u017eaduje odborn\u00edky.<\/li>\n\n\n\n<li><strong>Chladn\u00fd vzhled:<\/strong> N\u011bkter\u00e9 druhy kamene mohou p\u016fsobit chladn\u011b, co\u017e nemus\u00ed b\u00fdt ide\u00e1ln\u00ed pro tepl\u00e9 a \u00fatuln\u00e9 prost\u0159ed\u00ed.<\/li>\n<\/ul>\n\n\n\n<p><strong>Tip:<\/strong> Pokud chcete kombinaci eleganci a p\u0159\u00edrodn\u00edho vzhledu, m\u016f\u017eete zvolit kamenn\u00e9 dla\u017edice, kter\u00e9 jsou snadno dostupn\u00e9 a rychleji se instaluj\u00ed ne\u017e velk\u00e9 kamenn\u00e9 desky.<\/p>\n\n\n\n<h2 class=\"wp-block-heading\"><strong>3. Beton: Modern\u00ed, cenov\u011b dostupn\u00fd a praktick\u00fd<\/strong><\/h2>\n\n\n\n<p>Betonov\u00e1 terasa je modern\u00ed volbou, kter\u00e1 se hod\u00ed do minimalistick\u00fdch a industri\u00e1ln\u00edch zahradn\u00edch design\u016f. Betonov\u00e9 dla\u017edice nebo desky jsou praktick\u00e9, odoln\u00e9 a dostupn\u00e9 v \u0161irok\u00e9 \u0161k\u00e1le styl\u016f a povrchov\u00fdch \u00faprav.<\/p>\n\n\n\n<p><strong>V\u00fdhody betonu:<\/strong><\/p>\n\n\n\n<ul class=\"wp-block-list\">\n<li><strong>Cenov\u00e1 dostupnost:<\/strong> Beton je obvykle levn\u011bj\u0161\u00ed ne\u017e d\u0159evo nebo k\u00e1men, co\u017e z n\u011bj \u010din\u00ed cenov\u011b dostupnou volbu pro terasy.<\/li>\n\n\n\n<li><strong>Trvanlivost:<\/strong> Beton je velmi odoln\u00fd v\u016f\u010di vlhkosti, mrazu a UV z\u00e1\u0159en\u00ed, co\u017e z n\u011bj \u010din\u00ed vhodnou volbu do jak\u00e9hokoliv podneb\u00ed.<\/li>\n\n\n\n<li><strong>R\u016fzn\u00e9 mo\u017enosti povrchov\u00fdch \u00faprav:<\/strong> Beton lze snadno formovat do r\u016fzn\u00fdch tvar\u016f, velikost\u00ed a povrchov\u00fdch \u00faprav. M\u016f\u017eete si vybrat hladk\u00fd, le\u0161t\u011bn\u00fd povrch nebo texturovan\u00fd vzhled.<\/li>\n\n\n\n<li><strong>N\u00edzk\u00e1 \u00fadr\u017eba:<\/strong> Betonov\u00e1 terasa nevy\u017eaduje pravidelnou \u00fadr\u017ebu, krom\u011b ob\u010dasn\u00e9ho \u010di\u0161t\u011bn\u00ed a impregnace.<\/li>\n<\/ul>\n\n\n\n<p><strong>Nev\u00fdhody betonu:<\/strong><\/p>\n\n\n\n<ul class=\"wp-block-list\">\n<li><strong>Tvrd\u00fd povrch:<\/strong> Beton m\u016f\u017ee b\u00fdt chladn\u00fd a tvrd\u00fd pro chodidla, co\u017e nen\u00ed ide\u00e1ln\u00ed pro komfortn\u00ed relaxaci bez dal\u0161\u00edch p\u0159\u00eddavn\u00fdch prvk\u016f, jako jsou venkovn\u00ed koberce nebo sedac\u00ed pol\u0161t\u00e1\u0159e.<\/li>\n\n\n\n<li><strong>N\u00e1chylnost k prasklin\u00e1m:<\/strong> I kdy\u017e je beton odoln\u00fd, m\u016f\u017ee se \u010dasem objevit praskliny v d\u016fsledku zm\u011bn teploty nebo nadm\u011brn\u00e9ho zat\u00ed\u017een\u00ed.<\/li>\n<\/ul>\n\n\n\n<p><strong>Tip:<\/strong> Pro estetiku a funk\u010dnost zva\u017ete pou\u017eit\u00ed betonov\u00fdch dla\u017edic s texturou, kter\u00e9 mohou simulovat vzhled p\u0159\u00edrodn\u00edch materi\u00e1l\u016f, jako je d\u0159evo nebo k\u00e1men.<\/p>\n\n\n\n<h2 class=\"wp-block-heading\"><strong>Z\u00e1v\u011br: Kter\u00fd materi\u00e1l pro terasu je nejlep\u0161\u00ed?<\/strong><\/h2>\n\n\n\n<p>V\u00fdb\u011br mezi d\u0159evem, kamenem a betonem z\u00e1vis\u00ed na va\u0161ich osobn\u00edch preferenc\u00edch, stylu zahrady, rozpo\u010dtu a po\u017eadavc\u00edch na \u00fadr\u017ebu. Pokud tou\u017e\u00edte po p\u0159\u00edrodn\u00ed kr\u00e1se a tepl\u00e9m vzhledu, d\u0159evo bude ide\u00e1ln\u00ed volbou, pokud se chcete soust\u0159edit na trvanlivost a eleganci, k\u00e1men je skv\u011blou volbou. Naopak, betonov\u00e1 terasa nab\u00edz\u00ed cenovou dostupnost a modern\u00ed vzhled pro minimalistick\u00e9 zahrady. A\u0165 u\u017e zvol\u00edte jak\u00fdkoli materi\u00e1l, spr\u00e1vn\u00e1 volba zaru\u010d\u00ed, \u017ee va\u0161e terasa bude kr\u00e1sn\u00e1, funk\u010dn\u00ed a odoln\u00e1.<\/p>\n","protected":false},"excerpt":{"rendered":"<p>V\u00fdb\u011br materi\u00e1lu pro terasu je rozhodnut\u00edm, kter\u00e9 ovlivn\u00ed vzhled, komfort a dlouhov\u011bkost va\u0161eho venkovn\u00edho prostoru. Ka\u017ed\u00fd materi\u00e1l m\u00e1 sv\u00e9 specifick\u00e9 v\u00fdhody a nev\u00fdhody, a proto je d\u016fle\u017eit\u00e9 zv\u00e1\u017eit, jak\u00e9 po\u017eadavky&hellip;<\/p>\n","protected":false},"author":1,"featured_media":2380,"comment_status":"closed","ping_status":"closed","sticky":false,"template":"","format":"standard","meta":{"_sitemap_exclude":false,"_sitemap_priority":"","_sitemap_frequency":"","_lmt_disableupdate":"","_lmt_disable":"","footnotes":""},"categories":[19],"tags":[],"class_list":["post-2379","post","type-post","status-publish","format-standard","has-post-thumbnail","hentry","category-bydleni"],"_links":{"self":[{"href":"https:\/\/www.ceskyarchitekt.cz\/index.php?rest_route=\/wp\/v2\/posts\/2379","targetHints":{"allow":["GET"]}}],"collection":[{"href":"https:\/\/www.ceskyarchitekt.cz\/index.php?rest_route=\/wp\/v2\/posts"}],"about":[{"href":"https:\/\/www.ceskyarchitekt.cz\/index.php?rest_route=\/wp\/v2\/types\/post"}],"author":[{"embeddable":true,"href":"https:\/\/www.ceskyarchitekt.cz\/index.php?rest_route=\/wp\/v2\/users\/1"}],"replies":[{"embeddable":true,"href":"https:\/\/www.ceskyarchitekt.cz\/index.php?rest_route=%2Fwp%2Fv2%2Fcomments&post=2379"}],"version-history":[{"count":0,"href":"https:\/\/www.ceskyarchitekt.cz\/index.php?rest_route=\/wp\/v2\/posts\/2379\/revisions"}],"wp:featuredmedia":[{"embeddable":true,"href":"https:\/\/www.ceskyarchitekt.cz\/index.php?rest_route=\/wp\/v2\/media\/2380"}],"wp:attachment":[{"href":"https:\/\/www.ceskyarchitekt.cz\/index.php?rest_route=%2Fwp%2Fv2%2Fmedia&parent=2379"}],"wp:term":[{"taxonomy":"category","embeddable":true,"href":"https:\/\/www.ceskyarchitekt.cz\/index.php?rest_route=%2Fwp%2Fv2%2Fcategories&post=2379"},{"taxonomy":"post_tag","embeddable":true,"href":"https:\/\/www.ceskyarchitekt.cz\/index.php?rest_route=%2Fwp%2Fv2%2Ftags&post=2379"}],"curies":[{"name":"wp","href":"https:\/\/api.w.org\/{rel}","templated":true}]}}